{"id":1645,"date":"2023-11-06T11:11:53","date_gmt":"2023-11-06T09:11:53","guid":{"rendered":"https:\/\/sportmediafocus.com\/?p=1645"},"modified":"2023-11-22T16:05:04","modified_gmt":"2023-11-22T14:05:04","slug":"ehf-evropsko-prvenstvo-v-rokometu-za-zenske-2022","status":"publish","type":"post","link":"https:\/\/sportmediafocus.com\/en\/ehf-evropsko-prvenstvo-v-rokometu-za-zenske-2022\/","title":{"rendered":"WOMEN\u2019S EHF EURO 2022"},"content":{"rendered":"<p>WOMEN\u2019S EHF EURO 2022 was the biggest women\u2019s sporting event ever hosted in Slovenia. Since women sport has not been mainstream, there was a big challenge to Slovenian Handball Federation \u2013 how to attract bigger media and public attention, sell tickets and organise a successful event? We prepared a promotional strategy with clear goals and activities built around women\u2019s empowerment in sport and sustainability. We wanted to show the strength of women, so we brought together 16 strong women ambassadors from different areas and the big music star in the region - Senidah. Together with her we built up the official song and produced video with young handball players with the same title as the slogan of the event: Play With Heart. The song reached over 600.000 views.<\/p>\n\n\n\n<p>We worked on handball storytelling with content creation and out-of-the-box activities. We brought together all Slovenian women\u2019s handball clubs and delivered unforgettable experience for more than 1.000 young handball players who delivered handball from one host city to another (from Celje Zlatorog Arena to Sto\u017eice Arena) with 12 hours of running and passing the ball through more than 80 kilometres. All our activities gave strength also to our national team players. They achieved their best result at European championships and brought to the arena more than 5.000 fans for a couple of the games. Women\u2019s Euro 2022 was a manifestation of women\u2019s empowerment, sustainability, and sport. Our mission was successful, and we believe this event will leave strong legacy to other similar events in Slovenia.<\/p>\n\n\n\n<figure class=\"wp-block-image alignfull size-large\"><img fetchpriority=\"high\" decoding=\"async\" width=\"1024\" height=\"683\" src=\"https:\/\/sportmediafocus.com\/wp-content\/uploads\/2023\/11\/2b1dfafeef6f4d4ad433-ehf-euro22-slovenija-hrvaska-1024x683.jpeg\" alt=\"\" class=\"wp-image-1646\" srcset=\"https:\/\/sportmediafocus.com\/wp-content\/uploads\/2023\/11\/2b1dfafeef6f4d4ad433-ehf-euro22-slovenija-hrvaska-1024x683.jpeg 1024w, https:\/\/sportmediafocus.com\/wp-content\/uploads\/2023\/11\/2b1dfafeef6f4d4ad433-ehf-euro22-slovenija-hrvaska-300x200.jpeg 300w, https:\/\/sportmediafocus.com\/wp-content\/uploads\/2023\/11\/2b1dfafeef6f4d4ad433-ehf-euro22-slovenija-hrvaska-768x512.jpeg 768w, https:\/\/sportmediafocus.com\/wp-content\/uploads\/2023\/11\/2b1dfafeef6f4d4ad433-ehf-euro22-slovenija-hrvaska-18x12.jpeg 18w, https:\/\/sportmediafocus.com\/wp-content\/uploads\/2023\/11\/2b1dfafeef6f4d4ad433-ehf-euro22-slovenija-hrvaska.jpeg 1360w\" sizes=\"(max-width: 1024px) 100vw, 1024px\" \/><\/figure>\n\n\n\n<figure class=\"wp-block-embed alignfull is-type-video is-provider-youtube wp-block-embed-youtube wp-embed-aspect-16-9 wp-has-aspect-ratio\"><div class=\"wp-block-embed__wrapper\">\n<div class=\"ast-oembed-container\" style=\"height: 100%;\"><iframe title=\"Women&#039;s EHF EURO 2022\" width=\"500\" height=\"281\" src=\"https:\/\/www.youtube.com\/embed\/oP5nO9i95lQ?feature=oembed\" frameborder=\"0\" allow=\"accelerometer; autoplay; clipboard-write; encrypted-media; gyroscope; picture-in-picture; web-share\" referrerpolicy=\"strict-origin-when-cross-origin\" allowfullscreen><\/iframe><\/div>\n<\/div><\/figure>","protected":false},"excerpt":{"rendered":"<p>Evropsko prvenstvo za rokometa\u0161ice 2022 je bil najve\u010dji \u0161portni dogodek za \u017eenske, organiziran v Sloveniji. V agenciji smo pripravili promocijsko strategijo s poudarkom na opolnomo\u010denju \u017eensk v \u0161portu in na trajnostnem razvoju \u0161portnih dogodkov. Za kampanjo smo anga\u017eirali 16 \u017eensk, ambasadork prvenstva, javnih osebnosti z razli\u010dnih polj delovanja v Sloveniji, sodelovala je tudi glasbena zvezdnica [&hellip;]<\/p>","protected":false},"author":2,"featured_media":1646,"comment_status":"open","ping_status":"open","sticky":false,"template":"","format":"standard","meta":{"site-sidebar-layout":"default","site-content-layout":"","ast-site-content-layout":"","site-content-style":"default","site-sidebar-style":"default","ast-global-header-display":"","ast-banner-title-visibility":"","ast-main-header-display":"","ast-hfb-above-header-display":"","ast-hfb-below-header-display":"","ast-hfb-mobile-header-display":"","site-post-title":"","ast-breadcrumbs-content":"","ast-featured-img":"","footer-sml-layout":"","theme-transparent-header-meta":"","adv-header-id-meta":"","stick-header-meta":"","header-above-stick-meta":"","header-main-stick-meta":"","header-below-stick-meta":"","astra-migrate-meta-layouts":"default","ast-page-background-enabled":"default","ast-page-background-meta":{"desktop":{"background-color":"var(--ast-global-color-4)","background-image":"","background-repeat":"repeat","background-position":"center center","background-size":"auto","background-attachment":"scroll","background-type":"","background-media":"","overlay-type":"","overlay-color":"","overlay-gradient":""},"tablet":{"background-color":"","background-image":"","background-repeat":"repeat","background-position":"center center","background-size":"auto","background-attachment":"scroll","background-type":"","background-media":"","overlay-type":"","overlay-color":"","overlay-gradient":""},"mobile":{"background-color":"","background-image":"","background-repeat":"repeat","background-position":"center center","background-size":"auto","background-attachment":"scroll","background-type":"","background-media":"","overlay-type":"","overlay-color":"","overlay-gradient":""}},"ast-content-background-meta":{"desktop":{"background-color":"var(--ast-global-color-5)","background-image":"","background-repeat":"repeat","background-position":"center center","background-size":"auto","background-attachment":"scroll","background-type":"","background-media":"","overlay-type":"","overlay-color":"","overlay-gradient":""},"tablet":{"background-color":"var(--ast-global-color-5)","background-image":"","background-repeat":"repeat","background-position":"center center","background-size":"auto","background-attachment":"scroll","background-type":"","background-media":"","overlay-type":"","overlay-color":"","overlay-gradient":""},"mobile":{"background-color":"var(--ast-global-color-5)","background-image":"","background-repeat":"repeat","background-position":"center center","background-size":"auto","background-attachment":"scroll","background-type":"","background-media":"","overlay-type":"","overlay-color":"","overlay-gradient":""}},"footnotes":""},"categories":[1],"tags":[],"class_list":["post-1645","post","type-post","status-publish","format-standard","has-post-thumbnail","hentry","category-uncategorized"],"acf":[],"yoast_head":"<!-- This site is optimized with the Yoast SEO plugin v24.2 - https:\/\/yoast.com\/wordpress\/plugins\/seo\/ -->\n<title>EHF EVROPSKO PRVENSTVO V ROKOMETU ZA \u017dENSKE 2022 - Sport Media Focus<\/title>\n<meta name=\"robots\" content=\"index, follow, max-snippet:-1, max-image-preview:large, max-video-preview:-1\" \/>\n<link rel=\"canonical\" href=\"https:\/\/sportmediafocus.com\/en\/wp-json\/wp\/v2\/posts\/1645\" \/>\n<meta property=\"og:locale\" content=\"en_US\" \/>\n<meta property=\"og:type\" content=\"article\" \/>\n<meta property=\"og:title\" content=\"EHF EVROPSKO PRVENSTVO V ROKOMETU ZA \u017dENSKE 2022 - Sport Media Focus\" \/>\n<meta property=\"og:description\" content=\"Evropsko prvenstvo za rokometa\u0161ice 2022 je bil najve\u010dji \u0161portni dogodek za \u017eenske, organiziran v Sloveniji. V agenciji smo pripravili promocijsko strategijo s poudarkom na opolnomo\u010denju \u017eensk v \u0161portu in na trajnostnem razvoju \u0161portnih dogodkov. Za kampanjo smo anga\u017eirali 16 \u017eensk, ambasadork prvenstva, javnih osebnosti z razli\u010dnih polj delovanja v Sloveniji, sodelovala je tudi glasbena zvezdnica [&hellip;]\" \/>\n<meta property=\"og:url\" content=\"https:\/\/sportmediafocus.com\/en\/ehf-evropsko-prvenstvo-v-rokometu-za-zenske-2022\/\" \/>\n<meta property=\"og:site_name\" content=\"Sport Media Focus\" \/>\n<meta property=\"article:published_time\" content=\"2023-11-06T09:11:53+00:00\" \/>\n<meta property=\"article:modified_time\" content=\"2023-11-22T14:05:04+00:00\" \/>\n<meta property=\"og:image\" content=\"https:\/\/sportmediafocus.com\/wp-content\/uploads\/2023\/11\/2b1dfafeef6f4d4ad433-ehf-euro22-slovenija-hrvaska.jpeg\" \/>\n\t<meta property=\"og:image:width\" content=\"1360\" \/>\n\t<meta property=\"og:image:height\" content=\"907\" \/>\n\t<meta property=\"og:image:type\" content=\"image\/jpeg\" \/>\n<meta name=\"author\" content=\"\u017dan Tratar\" \/>\n<meta name=\"twitter:card\" content=\"summary_large_image\" \/>\n<meta name=\"twitter:label1\" content=\"Written by\" \/>\n\t<meta name=\"twitter:data1\" content=\"\u017dan Tratar\" \/>\n\t<meta name=\"twitter:label2\" content=\"Est. reading time\" \/>\n\t<meta name=\"twitter:data2\" content=\"1 minute\" \/>\n<script type=\"application\/ld+json\" class=\"yoast-schema-graph\">{\"@context\":\"https:\/\/schema.org\",\"@graph\":[{\"@type\":\"Article\",\"@id\":\"https:\/\/sportmediafocus.com\/ehf-evropsko-prvenstvo-v-rokometu-za-zenske-2022\/#article\",\"isPartOf\":{\"@id\":\"https:\/\/sportmediafocus.com\/ehf-evropsko-prvenstvo-v-rokometu-za-zenske-2022\/\"},\"author\":{\"name\":\"\u017dan Tratar\",\"@id\":\"https:\/\/sportmediafocus.com\/#\/schema\/person\/78b8c9578efe0a9358db2aae18f69bf7\"},\"headline\":\"EHF EVROPSKO PRVENSTVO V ROKOMETU ZA \u017dENSKE 2022\",\"datePublished\":\"2023-11-06T09:11:53+00:00\",\"dateModified\":\"2023-11-22T14:05:04+00:00\",\"mainEntityOfPage\":{\"@id\":\"https:\/\/sportmediafocus.com\/ehf-evropsko-prvenstvo-v-rokometu-za-zenske-2022\/\"},\"wordCount\":199,\"commentCount\":0,\"publisher\":{\"@id\":\"https:\/\/sportmediafocus.com\/#organization\"},\"image\":{\"@id\":\"https:\/\/sportmediafocus.com\/ehf-evropsko-prvenstvo-v-rokometu-za-zenske-2022\/#primaryimage\"},\"thumbnailUrl\":\"https:\/\/sportmediafocus.com\/wp-content\/uploads\/2023\/11\/2b1dfafeef6f4d4ad433-ehf-euro22-slovenija-hrvaska.jpeg\",\"articleSection\":[\"Na\u0161i projekti\"],\"inLanguage\":\"en-US\",\"potentialAction\":[{\"@type\":\"CommentAction\",\"name\":\"Comment\",\"target\":[\"https:\/\/sportmediafocus.com\/ehf-evropsko-prvenstvo-v-rokometu-za-zenske-2022\/#respond\"]}]},{\"@type\":\"WebPage\",\"@id\":\"https:\/\/sportmediafocus.com\/ehf-evropsko-prvenstvo-v-rokometu-za-zenske-2022\/\",\"url\":\"https:\/\/sportmediafocus.com\/ehf-evropsko-prvenstvo-v-rokometu-za-zenske-2022\/\",\"name\":\"EHF EVROPSKO PRVENSTVO V ROKOMETU ZA \u017dENSKE 2022 - Sport Media Focus\",\"isPartOf\":{\"@id\":\"https:\/\/sportmediafocus.com\/#website\"},\"primaryImageOfPage\":{\"@id\":\"https:\/\/sportmediafocus.com\/ehf-evropsko-prvenstvo-v-rokometu-za-zenske-2022\/#primaryimage\"},\"image\":{\"@id\":\"https:\/\/sportmediafocus.com\/ehf-evropsko-prvenstvo-v-rokometu-za-zenske-2022\/#primaryimage\"},\"thumbnailUrl\":\"https:\/\/sportmediafocus.com\/wp-content\/uploads\/2023\/11\/2b1dfafeef6f4d4ad433-ehf-euro22-slovenija-hrvaska.jpeg\",\"datePublished\":\"2023-11-06T09:11:53+00:00\",\"dateModified\":\"2023-11-22T14:05:04+00:00\",\"breadcrumb\":{\"@id\":\"https:\/\/sportmediafocus.com\/ehf-evropsko-prvenstvo-v-rokometu-za-zenske-2022\/#breadcrumb\"},\"inLanguage\":\"en-US\",\"potentialAction\":[{\"@type\":\"ReadAction\",\"target\":[\"https:\/\/sportmediafocus.com\/ehf-evropsko-prvenstvo-v-rokometu-za-zenske-2022\/\"]}]},{\"@type\":\"ImageObject\",\"inLanguage\":\"en-US\",\"@id\":\"https:\/\/sportmediafocus.com\/ehf-evropsko-prvenstvo-v-rokometu-za-zenske-2022\/#primaryimage\",\"url\":\"https:\/\/sportmediafocus.com\/wp-content\/uploads\/2023\/11\/2b1dfafeef6f4d4ad433-ehf-euro22-slovenija-hrvaska.jpeg\",\"contentUrl\":\"https:\/\/sportmediafocus.com\/wp-content\/uploads\/2023\/11\/2b1dfafeef6f4d4ad433-ehf-euro22-slovenija-hrvaska.jpeg\",\"width\":1360,\"height\":907},{\"@type\":\"BreadcrumbList\",\"@id\":\"https:\/\/sportmediafocus.com\/ehf-evropsko-prvenstvo-v-rokometu-za-zenske-2022\/#breadcrumb\",\"itemListElement\":[{\"@type\":\"ListItem\",\"position\":1,\"name\":\"Home\",\"item\":\"https:\/\/sportmediafocus.com\/\"},{\"@type\":\"ListItem\",\"position\":2,\"name\":\"EHF EVROPSKO PRVENSTVO V ROKOMETU ZA \u017dENSKE 2022\"}]},{\"@type\":\"WebSite\",\"@id\":\"https:\/\/sportmediafocus.com\/#website\",\"url\":\"https:\/\/sportmediafocus.com\/\",\"name\":\"Sport Media Focus\",\"description\":\"Komuniciranje v \u0161portu\",\"publisher\":{\"@id\":\"https:\/\/sportmediafocus.com\/#organization\"},\"potentialAction\":[{\"@type\":\"SearchAction\",\"target\":{\"@type\":\"EntryPoint\",\"urlTemplate\":\"https:\/\/sportmediafocus.com\/?s={search_term_string}\"},\"query-input\":{\"@type\":\"PropertyValueSpecification\",\"valueRequired\":true,\"valueName\":\"search_term_string\"}}],\"inLanguage\":\"en-US\"},{\"@type\":\"Organization\",\"@id\":\"https:\/\/sportmediafocus.com\/#organization\",\"name\":\"Sport Media Focus\",\"url\":\"https:\/\/sportmediafocus.com\/\",\"logo\":{\"@type\":\"ImageObject\",\"inLanguage\":\"en-US\",\"@id\":\"https:\/\/sportmediafocus.com\/#\/schema\/logo\/image\/\",\"url\":\"https:\/\/sportmediafocus.com\/wp-content\/uploads\/2023\/06\/cropped-cropped-Screenshot-2023-06-26-at-20.20.54.png\",\"contentUrl\":\"https:\/\/sportmediafocus.com\/wp-content\/uploads\/2023\/06\/cropped-cropped-Screenshot-2023-06-26-at-20.20.54.png\",\"width\":512,\"height\":512,\"caption\":\"Sport Media Focus\"},\"image\":{\"@id\":\"https:\/\/sportmediafocus.com\/#\/schema\/logo\/image\/\"}},{\"@type\":\"Person\",\"@id\":\"https:\/\/sportmediafocus.com\/#\/schema\/person\/78b8c9578efe0a9358db2aae18f69bf7\",\"name\":\"\u017dan Tratar\",\"image\":{\"@type\":\"ImageObject\",\"inLanguage\":\"en-US\",\"@id\":\"https:\/\/sportmediafocus.com\/#\/schema\/person\/image\/\",\"url\":\"https:\/\/secure.gravatar.com\/avatar\/7ec778599ae5b76e4f4ca0e605a7adbb4c75fe24380e75494dff3af41e4ba523?s=96&d=mm&r=g\",\"contentUrl\":\"https:\/\/secure.gravatar.com\/avatar\/7ec778599ae5b76e4f4ca0e605a7adbb4c75fe24380e75494dff3af41e4ba523?s=96&d=mm&r=g\",\"caption\":\"\u017dan Tratar\"},\"url\":\"https:\/\/sportmediafocus.com\/en\/author\/zan-tratar\/\"}]}<\/script>\n<!-- \/ Yoast SEO plugin. -->","yoast_head_json":{"title":"EHF EVROPSKO PRVENSTVO V ROKOMETU ZA \u017dENSKE 2022 - Sport Media Focus","robots":{"index":"index","follow":"follow","max-snippet":"max-snippet:-1","max-image-preview":"max-image-preview:large","max-video-preview":"max-video-preview:-1"},"canonical":"https:\/\/sportmediafocus.com\/en\/wp-json\/wp\/v2\/posts\/1645","og_locale":"en_US","og_type":"article","og_title":"EHF EVROPSKO PRVENSTVO V ROKOMETU ZA \u017dENSKE 2022 - Sport Media Focus","og_description":"Evropsko prvenstvo za rokometa\u0161ice 2022 je bil najve\u010dji \u0161portni dogodek za \u017eenske, organiziran v Sloveniji. V agenciji smo pripravili promocijsko strategijo s poudarkom na opolnomo\u010denju \u017eensk v \u0161portu in na trajnostnem razvoju \u0161portnih dogodkov. Za kampanjo smo anga\u017eirali 16 \u017eensk, ambasadork prvenstva, javnih osebnosti z razli\u010dnih polj delovanja v Sloveniji, sodelovala je tudi glasbena zvezdnica [&hellip;]","og_url":"https:\/\/sportmediafocus.com\/en\/ehf-evropsko-prvenstvo-v-rokometu-za-zenske-2022\/","og_site_name":"Sport Media Focus","article_published_time":"2023-11-06T09:11:53+00:00","article_modified_time":"2023-11-22T14:05:04+00:00","og_image":[{"width":1360,"height":907,"url":"https:\/\/sportmediafocus.com\/wp-content\/uploads\/2023\/11\/2b1dfafeef6f4d4ad433-ehf-euro22-slovenija-hrvaska.jpeg","type":"image\/jpeg"}],"author":"\u017dan Tratar","twitter_card":"summary_large_image","twitter_misc":{"Written by":"\u017dan Tratar","Est. reading time":"1 minute"},"schema":{"@context":"https:\/\/schema.org","@graph":[{"@type":"Article","@id":"https:\/\/sportmediafocus.com\/ehf-evropsko-prvenstvo-v-rokometu-za-zenske-2022\/#article","isPartOf":{"@id":"https:\/\/sportmediafocus.com\/ehf-evropsko-prvenstvo-v-rokometu-za-zenske-2022\/"},"author":{"name":"\u017dan Tratar","@id":"https:\/\/sportmediafocus.com\/#\/schema\/person\/78b8c9578efe0a9358db2aae18f69bf7"},"headline":"EHF EVROPSKO PRVENSTVO V ROKOMETU ZA \u017dENSKE 2022","datePublished":"2023-11-06T09:11:53+00:00","dateModified":"2023-11-22T14:05:04+00:00","mainEntityOfPage":{"@id":"https:\/\/sportmediafocus.com\/ehf-evropsko-prvenstvo-v-rokometu-za-zenske-2022\/"},"wordCount":199,"commentCount":0,"publisher":{"@id":"https:\/\/sportmediafocus.com\/#organization"},"image":{"@id":"https:\/\/sportmediafocus.com\/ehf-evropsko-prvenstvo-v-rokometu-za-zenske-2022\/#primaryimage"},"thumbnailUrl":"https:\/\/sportmediafocus.com\/wp-content\/uploads\/2023\/11\/2b1dfafeef6f4d4ad433-ehf-euro22-slovenija-hrvaska.jpeg","articleSection":["Na\u0161i projekti"],"inLanguage":"en-US","potentialAction":[{"@type":"CommentAction","name":"Comment","target":["https:\/\/sportmediafocus.com\/ehf-evropsko-prvenstvo-v-rokometu-za-zenske-2022\/#respond"]}]},{"@type":"WebPage","@id":"https:\/\/sportmediafocus.com\/ehf-evropsko-prvenstvo-v-rokometu-za-zenske-2022\/","url":"https:\/\/sportmediafocus.com\/ehf-evropsko-prvenstvo-v-rokometu-za-zenske-2022\/","name":"EHF EVROPSKO PRVENSTVO V ROKOMETU ZA \u017dENSKE 2022 - Sport Media Focus","isPartOf":{"@id":"https:\/\/sportmediafocus.com\/#website"},"primaryImageOfPage":{"@id":"https:\/\/sportmediafocus.com\/ehf-evropsko-prvenstvo-v-rokometu-za-zenske-2022\/#primaryimage"},"image":{"@id":"https:\/\/sportmediafocus.com\/ehf-evropsko-prvenstvo-v-rokometu-za-zenske-2022\/#primaryimage"},"thumbnailUrl":"https:\/\/sportmediafocus.com\/wp-content\/uploads\/2023\/11\/2b1dfafeef6f4d4ad433-ehf-euro22-slovenija-hrvaska.jpeg","datePublished":"2023-11-06T09:11:53+00:00","dateModified":"2023-11-22T14:05:04+00:00","breadcrumb":{"@id":"https:\/\/sportmediafocus.com\/ehf-evropsko-prvenstvo-v-rokometu-za-zenske-2022\/#breadcrumb"},"inLanguage":"en-US","potentialAction":[{"@type":"ReadAction","target":["https:\/\/sportmediafocus.com\/ehf-evropsko-prvenstvo-v-rokometu-za-zenske-2022\/"]}]},{"@type":"ImageObject","inLanguage":"en-US","@id":"https:\/\/sportmediafocus.com\/ehf-evropsko-prvenstvo-v-rokometu-za-zenske-2022\/#primaryimage","url":"https:\/\/sportmediafocus.com\/wp-content\/uploads\/2023\/11\/2b1dfafeef6f4d4ad433-ehf-euro22-slovenija-hrvaska.jpeg","contentUrl":"https:\/\/sportmediafocus.com\/wp-content\/uploads\/2023\/11\/2b1dfafeef6f4d4ad433-ehf-euro22-slovenija-hrvaska.jpeg","width":1360,"height":907},{"@type":"BreadcrumbList","@id":"https:\/\/sportmediafocus.com\/ehf-evropsko-prvenstvo-v-rokometu-za-zenske-2022\/#breadcrumb","itemListElement":[{"@type":"ListItem","position":1,"name":"Home","item":"https:\/\/sportmediafocus.com\/"},{"@type":"ListItem","position":2,"name":"EHF EVROPSKO PRVENSTVO V ROKOMETU ZA \u017dENSKE 2022"}]},{"@type":"WebSite","@id":"https:\/\/sportmediafocus.com\/#website","url":"https:\/\/sportmediafocus.com\/","name":"Sport Media Focus","description":"Komuniciranje v \u0161portu","publisher":{"@id":"https:\/\/sportmediafocus.com\/#organization"},"potentialAction":[{"@type":"SearchAction","target":{"@type":"EntryPoint","urlTemplate":"https:\/\/sportmediafocus.com\/?s={search_term_string}"},"query-input":{"@type":"PropertyValueSpecification","valueRequired":true,"valueName":"search_term_string"}}],"inLanguage":"en-US"},{"@type":"Organization","@id":"https:\/\/sportmediafocus.com\/#organization","name":"Sport Media Focus","url":"https:\/\/sportmediafocus.com\/","logo":{"@type":"ImageObject","inLanguage":"en-US","@id":"https:\/\/sportmediafocus.com\/#\/schema\/logo\/image\/","url":"https:\/\/sportmediafocus.com\/wp-content\/uploads\/2023\/06\/cropped-cropped-Screenshot-2023-06-26-at-20.20.54.png","contentUrl":"https:\/\/sportmediafocus.com\/wp-content\/uploads\/2023\/06\/cropped-cropped-Screenshot-2023-06-26-at-20.20.54.png","width":512,"height":512,"caption":"Sport Media Focus"},"image":{"@id":"https:\/\/sportmediafocus.com\/#\/schema\/logo\/image\/"}},{"@type":"Person","@id":"https:\/\/sportmediafocus.com\/#\/schema\/person\/78b8c9578efe0a9358db2aae18f69bf7","name":"\u017dan Tratar","image":{"@type":"ImageObject","inLanguage":"en-US","@id":"https:\/\/sportmediafocus.com\/#\/schema\/person\/image\/","url":"https:\/\/secure.gravatar.com\/avatar\/7ec778599ae5b76e4f4ca0e605a7adbb4c75fe24380e75494dff3af41e4ba523?s=96&d=mm&r=g","contentUrl":"https:\/\/secure.gravatar.com\/avatar\/7ec778599ae5b76e4f4ca0e605a7adbb4c75fe24380e75494dff3af41e4ba523?s=96&d=mm&r=g","caption":"\u017dan Tratar"},"url":"https:\/\/sportmediafocus.com\/en\/author\/zan-tratar\/"}]}},"_links":{"self":[{"href":"https:\/\/sportmediafocus.com\/en\/wp-json\/wp\/v2\/posts\/1645","targetHints":{"allow":["GET"]}}],"collection":[{"href":"https:\/\/sportmediafocus.com\/en\/wp-json\/wp\/v2\/posts"}],"about":[{"href":"https:\/\/sportmediafocus.com\/en\/wp-json\/wp\/v2\/types\/post"}],"author":[{"embeddable":true,"href":"https:\/\/sportmediafocus.com\/en\/wp-json\/wp\/v2\/users\/2"}],"replies":[{"embeddable":true,"href":"https:\/\/sportmediafocus.com\/en\/wp-json\/wp\/v2\/comments?post=1645"}],"version-history":[{"count":4,"href":"https:\/\/sportmediafocus.com\/en\/wp-json\/wp\/v2\/posts\/1645\/revisions"}],"predecessor-version":[{"id":2020,"href":"https:\/\/sportmediafocus.com\/en\/wp-json\/wp\/v2\/posts\/1645\/revisions\/2020"}],"wp:featuredmedia":[{"embeddable":true,"href":"https:\/\/sportmediafocus.com\/en\/wp-json\/wp\/v2\/media\/1646"}],"wp:attachment":[{"href":"https:\/\/sportmediafocus.com\/en\/wp-json\/wp\/v2\/media?parent=1645"}],"wp:term":[{"taxonomy":"category","embeddable":true,"href":"https:\/\/sportmediafocus.com\/en\/wp-json\/wp\/v2\/categories?post=1645"},{"taxonomy":"post_tag","embeddable":true,"href":"https:\/\/sportmediafocus.com\/en\/wp-json\/wp\/v2\/tags?post=1645"}],"curies":[{"name":"wp","href":"https:\/\/api.w.org\/{rel}","templated":true}]}}